{"id":101955,"date":"2022-10-15T17:36:08","date_gmt":"2022-10-15T15:36:08","guid":{"rendered":"https:\/\/www.enoone.com\/?p=101955"},"modified":"2022-11-24T17:34:44","modified_gmt":"2022-11-24T15:34:44","slug":"cos-e-il-prokupac","status":"publish","type":"post","link":"https:\/\/www.enoone.com\/fr\/cos-e-il-prokupac\/","title":{"rendered":"Cos&#8217;\u00e8 il Prokupac"},"content":{"rendered":"<div class=\"wpb-content-wrapper\"><section class=\"vc_row wpb_row vc_row-fluid  vc_custom_1550573520859\"><div class=\"wpb_column vc_column_container col-xs-mobile-fullwidth vc_col-sm-12\"><div class=\"vc_column-inner\"><div class=\"wpb_wrapper\"><div class=\"alt-font heading-style-3 vc_custom_1667491382854 heading-1 hongo-section-heading hongo_font_1667491382853\">Uva autoctona della Serbia: Prokupac<\/div><div class=\"alt-font heading-style-5 vc_custom_1667491539228 heading-2 hongo-section-heading hongo_font_1667491539227\"><span>Note di assaggio di vini da uva Prokupac...<\/span><\/div><div class=\"text-block-content text-medium line-height-32 hongo-text-block-1 last-paragraph-no-margin\"><h2>Ma veramente conoscete il vitigno Prokupac?<\/h2>\n<p>La squadra di <a href=\"https:\/\/www.linkedin.com\/in\/igor-lukovic-8b333b7\/\" target=\"_blank\" rel=\"noopener\">Igor Lukovic<\/a> della <a href=\"http:\/\/www.vinoifino.rs\/\" target=\"_blank\" rel=\"noopener\">rivista serba Vinofino<\/a> da 7 anni fa un bel lavoro per fare conoscere in patria e all\u2019estero uno dei vitigni autoctoni rossi: il Prokupac. Inoltre il giornalista, suo collaboratore, <a href=\"https:\/\/www.facebook.com\/tomislav.ivanovic.9003\" target=\"_blank\" rel=\"noopener\">Tomislav Ivanovic<\/a> tiene un <a href=\"http:\/\/www.vinopedia.rs\/en\/post\/prokupac\" target=\"_blank\" rel=\"noopener\">blog<\/a> sulle uve autoctone.<\/p>\n<p>&nbsp;<\/p>\n<p>Dall\u2019intervento del Professore di storia Alexsandar Fotic, si intuisce che le tracce antiche di quest\u2019uva Prokupac o Kamenicarska antecedenti all&#8217;Ottocento sono probabilmente da cercare ad Istanbul (all&#8217;epoca Costantinopoli). Anche questa viticoltura che riprendeva vigore dopo la dipartita degli Ottomani dai Balcani \u00e8 stata colpita dalla filossera. Poi la vitivinicoltura ex-jugoslava privilegi\u00f2 altre uve pi\u00f9 produttrici.<\/p>\n<p><img loading=\"lazy\" decoding=\"async\" class=\"wp-image-102054 aligncenter\" src=\"https:\/\/www.enoone.com\/wp-content\/uploads\/2023\/11\/20221014_113140-scaled-e1669298143793-300x178.jpg\" alt=\"\" width=\"659\" height=\"391\" srcset=\"https:\/\/www.enoone.com\/wp-content\/uploads\/2023\/11\/20221014_113140-scaled-e1669298143793-300x178.jpg 300w, https:\/\/www.enoone.com\/wp-content\/uploads\/2023\/11\/20221014_113140-scaled-e1669298143793-1024x609.jpg 1024w, https:\/\/www.enoone.com\/wp-content\/uploads\/2023\/11\/20221014_113140-scaled-e1669298143793-768x457.jpg 768w, https:\/\/www.enoone.com\/wp-content\/uploads\/2023\/11\/20221014_113140-scaled-e1669298143793-1536x914.jpg 1536w, https:\/\/www.enoone.com\/wp-content\/uploads\/2023\/11\/20221014_113140-scaled-e1669298143793-84x50.jpg 84w, https:\/\/www.enoone.com\/wp-content\/uploads\/2023\/11\/20221014_113140-scaled-e1669298143793-200x119.jpg 200w, https:\/\/www.enoone.com\/wp-content\/uploads\/2023\/11\/20221014_113140-scaled-e1669298143793-450x268.jpg 450w, https:\/\/www.enoone.com\/wp-content\/uploads\/2023\/11\/20221014_113140-scaled-e1669298143793-1200x714.jpg 1200w, https:\/\/www.enoone.com\/wp-content\/uploads\/2023\/11\/20221014_113140-scaled-e1669298143793-500x297.jpg 500w, https:\/\/www.enoone.com\/wp-content\/uploads\/2023\/11\/20221014_113140-scaled-e1669298143793-800x476.jpg 800w, https:\/\/www.enoone.com\/wp-content\/uploads\/2023\/11\/20221014_113140-scaled-e1669298143793.jpg 1548w\" sizes=\"auto, (max-width: 659px) 100vw, 659px\" \/><\/p>\n<p>Recentemente, i vignaioli serbi grandi e piccoli hanno ripreso in mano quest&#8217;uva identitaria. La declinano in tante versioni dal semplice ma piacevole rosato estivo a versioni pi\u00f9 strutturate con passaggio in legno.<\/p>\n<p>Molte delle cantine che hanno presentato i loro vini sono nate dopo il 2000, non \u00e8 l&#8217;alto ieri&#8230; in oltre 20 anni hanno gi\u00e0 fatto diversi esperimenti, per riuscire ad esprimere i suoi caratteri pi\u00f9 singlolari.<\/p>\n<p>Entra a fare parte del panorama del vitigni mondiali nel 1909 con una pubblicazione dell\u2019agronomo Vialla.<\/p>\n<p>&nbsp;<\/p>\n<h3>Come si affronta la degustazione di vino da un&#8217;uva mai incontrata prima?<\/h3>\n<p>Si riprendono le basi e i fondamentali dell\u2019assaggio del vino, le percezioni visive, le sensazioni olfattive e gustative. Poi si cercano i descrittori caratteristici, evitando di considerare gli elementi, che chiamerei della filosofia produttiva come ad esempio l\u2019affinamento in legno.<\/p>\n<p>&nbsp;<\/p>\n<p>&nbsp;<\/p>\n<p><img loading=\"lazy\" decoding=\"async\" class=\"wp-image-102060 aligncenter\" src=\"https:\/\/www.enoone.com\/wp-content\/uploads\/2023\/11\/20221014_140501-300x135.jpg\" alt=\"\" width=\"1333\" height=\"600\" srcset=\"https:\/\/www.enoone.com\/wp-content\/uploads\/2023\/11\/20221014_140501-300x135.jpg 300w, https:\/\/www.enoone.com\/wp-content\/uploads\/2023\/11\/20221014_140501-1024x461.jpg 1024w, https:\/\/www.enoone.com\/wp-content\/uploads\/2023\/11\/20221014_140501-768x346.jpg 768w, https:\/\/www.enoone.com\/wp-content\/uploads\/2023\/11\/20221014_140501-1536x692.jpg 1536w, https:\/\/www.enoone.com\/wp-content\/uploads\/2023\/11\/20221014_140501-2048x922.jpg 2048w, https:\/\/www.enoone.com\/wp-content\/uploads\/2023\/11\/20221014_140501-84x38.jpg 84w, https:\/\/www.enoone.com\/wp-content\/uploads\/2023\/11\/20221014_140501-200x90.jpg 200w, https:\/\/www.enoone.com\/wp-content\/uploads\/2023\/11\/20221014_140501-450x203.jpg 450w, https:\/\/www.enoone.com\/wp-content\/uploads\/2023\/11\/20221014_140501-1200x540.jpg 1200w, https:\/\/www.enoone.com\/wp-content\/uploads\/2023\/11\/20221014_140501-500x225.jpg 500w, https:\/\/www.enoone.com\/wp-content\/uploads\/2023\/11\/20221014_140501-800x360.jpg 800w\" sizes=\"auto, (max-width: 1333px) 100vw, 1333px\" \/><\/p>\n<p>&nbsp;<\/p>\n<p>Semplice non \u00e8, ma aver tradotto e quindi letto e riletto il <strong><a href=\"https:\/\/www.enoone.com\/prodotto\/elementi-di-degustazione-del-vino-manuale-professionale\/\" target=\"_blank\" rel=\"noopener\">manuale di degustazione del vino<\/a> <\/strong>\u00e8 stato di grande aiuto!<\/p>\n<p>&nbsp;<\/p>\n<h3><strong>Vini presentati<\/strong><\/h3>\n<p>in questa masterclass dagli stessi produttori e assaggiati. A voi i miei appunti<\/p>\n<p>&nbsp;<\/p>\n<ol>\n<li>\n<h4>Sveti Gral Prokupac &#8211; 2021 Botunjac (\u017dupa)<\/h4>\n<\/li>\n<\/ol>\n<p>Color lampone brillante, esplosione di frutta rossa e frutta di bosco, accompagnato da un elegante cuoio e qualche nota di fiori secchi. La lunghezza \u00e8 portata dalla noce moscata e dalla liquirizia dolce (quella del bastone). Buon equilibrio per un prodotto giovane, da bere, leggermente fresco, anche su un pesce in una serata estiva.<\/p>\n<p><img loading=\"lazy\" decoding=\"async\" class=\"size-medium wp-image-102006 aligncenter\" src=\"https:\/\/www.enoone.com\/wp-content\/uploads\/2023\/11\/Prokupac-Botunjac-201x300.jpg\" alt=\"bottiglia vino Prokupac Botunjac\" width=\"201\" height=\"300\" srcset=\"https:\/\/www.enoone.com\/wp-content\/uploads\/2023\/11\/Prokupac-Botunjac-201x300.jpg 201w, https:\/\/www.enoone.com\/wp-content\/uploads\/2023\/11\/Prokupac-Botunjac-687x1024.jpg 687w, https:\/\/www.enoone.com\/wp-content\/uploads\/2023\/11\/Prokupac-Botunjac-768x1145.jpg 768w, https:\/\/www.enoone.com\/wp-content\/uploads\/2023\/11\/Prokupac-Botunjac-1030x1536.jpg 1030w, https:\/\/www.enoone.com\/wp-content\/uploads\/2023\/11\/Prokupac-Botunjac-1374x2048.jpg 1374w, https:\/\/www.enoone.com\/wp-content\/uploads\/2023\/11\/Prokupac-Botunjac-84x125.jpg 84w, https:\/\/www.enoone.com\/wp-content\/uploads\/2023\/11\/Prokupac-Botunjac-200x298.jpg 200w, https:\/\/www.enoone.com\/wp-content\/uploads\/2023\/11\/Prokupac-Botunjac-450x671.jpg 450w, https:\/\/www.enoone.com\/wp-content\/uploads\/2023\/11\/Prokupac-Botunjac-530x790.jpg 530w, https:\/\/www.enoone.com\/wp-content\/uploads\/2023\/11\/Prokupac-Botunjac-500x745.jpg 500w, https:\/\/www.enoone.com\/wp-content\/uploads\/2023\/11\/Prokupac-Botunjac-800x1192.jpg 800w, https:\/\/www.enoone.com\/wp-content\/uploads\/2023\/11\/Prokupac-Botunjac.jpg 1645w\" sizes=\"auto, (max-width: 201px) 100vw, 201px\" \/><\/p>\n<p>&nbsp;<\/p>\n<ol start=\"2\">\n<li>\n<h4>Prokupac 2019 &#8211; Aleksandrovic (\u0160umadija)<\/h4>\n<\/li>\n<\/ol>\n<p>Note empireumatiche caratteristiche dalla tostatura media, dalla frutta nera come la ciliegia e la more e di un astringenza che richiede ancora qualche tempo per assaggiarlo al massimo splendore. In accompagnamento di carne stufata a lenta cottura con porcini.<\/p>\n<h4><img loading=\"lazy\" decoding=\"async\" class=\"size-medium wp-image-102003 aligncenter\" src=\"https:\/\/www.enoone.com\/wp-content\/uploads\/2023\/11\/Prokupac-Aleksandrovic-232x300.jpg\" alt=\"bottiglia vino Prokupac Aleksandrovic\" width=\"232\" height=\"300\" srcset=\"https:\/\/www.enoone.com\/wp-content\/uploads\/2023\/11\/Prokupac-Aleksandrovic-232x300.jpg 232w, https:\/\/www.enoone.com\/wp-content\/uploads\/2023\/11\/Prokupac-Aleksandrovic-792x1024.jpg 792w, https:\/\/www.enoone.com\/wp-content\/uploads\/2023\/11\/Prokupac-Aleksandrovic-768x993.jpg 768w, https:\/\/www.enoone.com\/wp-content\/uploads\/2023\/11\/Prokupac-Aleksandrovic-1188x1536.jpg 1188w, https:\/\/www.enoone.com\/wp-content\/uploads\/2023\/11\/Prokupac-Aleksandrovic-1585x2048.jpg 1585w, https:\/\/www.enoone.com\/wp-content\/uploads\/2023\/11\/Prokupac-Aleksandrovic-84x109.jpg 84w, https:\/\/www.enoone.com\/wp-content\/uploads\/2023\/11\/Prokupac-Aleksandrovic-200x258.jpg 200w, https:\/\/www.enoone.com\/wp-content\/uploads\/2023\/11\/Prokupac-Aleksandrovic-450x582.jpg 450w, https:\/\/www.enoone.com\/wp-content\/uploads\/2023\/11\/Prokupac-Aleksandrovic-611x790.jpg 611w, https:\/\/www.enoone.com\/wp-content\/uploads\/2023\/11\/Prokupac-Aleksandrovic-500x646.jpg 500w, https:\/\/www.enoone.com\/wp-content\/uploads\/2023\/11\/Prokupac-Aleksandrovic-800x1034.jpg 800w, https:\/\/www.enoone.com\/wp-content\/uploads\/2023\/11\/Prokupac-Aleksandrovic.jpg 1816w\" sizes=\"auto, (max-width: 232px) 100vw, 232px\" \/><\/h4>\n<p>&nbsp;<\/p>\n<ol start=\"3\">\n<li>\n<h4>Cukundeda 2020 &#8211; Matijasevic (\u0160umadija)<\/h4>\n<\/li>\n<\/ol>\n<p>Tutto qui \u00e8 nelle sfumature, senza eccessive intensit\u00e0: eleganza, setosit\u00e0, qualche nota di confettura di lampone, con liquirizia e altre spezie dolci. Ottimo equilibrio e buona persistenza. Ottimo in abbinamento, ad esempio, di una zucca al forno con erbe aromatiche.<\/p>\n<h4><img loading=\"lazy\" decoding=\"async\" class=\"aligncenter wp-image-102021\" src=\"https:\/\/www.enoone.com\/wp-content\/uploads\/2023\/11\/Prokupac-Matijasevic-135x300.jpg\" alt=\"bottiglia vino Matijasevic\" width=\"137\" height=\"304\" \/><\/h4>\n<p>&nbsp;<\/p>\n<ol start=\"4\">\n<li>\n<h4>Tri Morave 2019 &#8211; Temet (Three Moravas)<\/h4>\n<\/li>\n<\/ol>\n<p>Una cantina che non si risparmia gli sperimenti: si provano contenitori, terroirs, la ricerca per una miglior comprensione e quindi interpretazione del prodotto. Come d\u2019altronde le sue etichette in braille. Vino complesso ma non rustico. Note caratteristiche della noce, delle prugne secche (anche ripiene), della liquirizia (caramella). Da servire ad esempio con un arrosto di maiale e composta tiepida di mele gala o fuji.<\/p>\n<h4><img loading=\"lazy\" decoding=\"async\" class=\"size-medium wp-image-102036 aligncenter\" src=\"https:\/\/www.enoone.com\/wp-content\/uploads\/2023\/11\/Prokupac-Tri-Morave-135x300.jpg\" alt=\"bottiglia vino Prokupac Tri Morave\" width=\"135\" height=\"300\" srcset=\"https:\/\/www.enoone.com\/wp-content\/uploads\/2023\/11\/Prokupac-Tri-Morave-135x300.jpg 135w, https:\/\/www.enoone.com\/wp-content\/uploads\/2023\/11\/Prokupac-Tri-Morave-461x1024.jpg 461w, https:\/\/www.enoone.com\/wp-content\/uploads\/2023\/11\/Prokupac-Tri-Morave-768x1705.jpg 768w, https:\/\/www.enoone.com\/wp-content\/uploads\/2023\/11\/Prokupac-Tri-Morave-692x1536.jpg 692w, https:\/\/www.enoone.com\/wp-content\/uploads\/2023\/11\/Prokupac-Tri-Morave-922x2048.jpg 922w, https:\/\/www.enoone.com\/wp-content\/uploads\/2023\/11\/Prokupac-Tri-Morave-84x187.jpg 84w, https:\/\/www.enoone.com\/wp-content\/uploads\/2023\/11\/Prokupac-Tri-Morave-200x444.jpg 200w, https:\/\/www.enoone.com\/wp-content\/uploads\/2023\/11\/Prokupac-Tri-Morave-450x999.jpg 450w, https:\/\/www.enoone.com\/wp-content\/uploads\/2023\/11\/Prokupac-Tri-Morave-356x790.jpg 356w, https:\/\/www.enoone.com\/wp-content\/uploads\/2023\/11\/Prokupac-Tri-Morave-500x1110.jpg 500w, https:\/\/www.enoone.com\/wp-content\/uploads\/2023\/11\/Prokupac-Tri-Morave-800x1776.jpg 800w, https:\/\/www.enoone.com\/wp-content\/uploads\/2023\/11\/Prokupac-Tri-Morave-scaled.jpg 1153w\" sizes=\"auto, (max-width: 135px) 100vw, 135px\" \/><\/h4>\n<p>&nbsp;<\/p>\n<ol start=\"5\">\n<li>\n<h4>Prokupac 2019 &#8211; Doja<\/h4>\n<\/li>\n<\/ol>\n<p>Vino dal naso goloso che invita all\u2019assaggio alla scoperta delle note di frutta rossa, delle bacche rosse dei boschi settembrini, sostenute dalla spezie dolci come la noce moscata, poi frutta nera delle ciliegie nere tipo Durone nero. Tutto in rotondit\u00e0, che finisce con una leggera nota bois\u00e9e, e un\u2019elegante amaro che porta la persistenza.<\/p>\n<h4><img loading=\"lazy\" decoding=\"async\" class=\"aligncenter wp-image-102009 size-medium\" src=\"https:\/\/www.enoone.com\/wp-content\/uploads\/2023\/11\/Prokupac-Doja-scaled-e1669296715402-130x300.jpg\" alt=\"bottiglia vino Prokupac Doja\" width=\"130\" height=\"300\" srcset=\"https:\/\/www.enoone.com\/wp-content\/uploads\/2023\/11\/Prokupac-Doja-scaled-e1669296715402-130x300.jpg 130w, https:\/\/www.enoone.com\/wp-content\/uploads\/2023\/11\/Prokupac-Doja-scaled-e1669296715402-443x1024.jpg 443w, https:\/\/www.enoone.com\/wp-content\/uploads\/2023\/11\/Prokupac-Doja-scaled-e1669296715402-768x1776.jpg 768w, https:\/\/www.enoone.com\/wp-content\/uploads\/2023\/11\/Prokupac-Doja-scaled-e1669296715402-664x1536.jpg 664w, https:\/\/www.enoone.com\/wp-content\/uploads\/2023\/11\/Prokupac-Doja-scaled-e1669296715402-886x2048.jpg 886w, https:\/\/www.enoone.com\/wp-content\/uploads\/2023\/11\/Prokupac-Doja-scaled-e1669296715402-84x194.jpg 84w, https:\/\/www.enoone.com\/wp-content\/uploads\/2023\/11\/Prokupac-Doja-scaled-e1669296715402-200x463.jpg 200w, https:\/\/www.enoone.com\/wp-content\/uploads\/2023\/11\/Prokupac-Doja-scaled-e1669296715402-450x1041.jpg 450w, https:\/\/www.enoone.com\/wp-content\/uploads\/2023\/11\/Prokupac-Doja-scaled-e1669296715402-342x790.jpg 342w, https:\/\/www.enoone.com\/wp-content\/uploads\/2023\/11\/Prokupac-Doja-scaled-e1669296715402-500x1156.jpg 500w, https:\/\/www.enoone.com\/wp-content\/uploads\/2023\/11\/Prokupac-Doja-scaled-e1669296715402-800x1850.jpg 800w, https:\/\/www.enoone.com\/wp-content\/uploads\/2023\/11\/Prokupac-Doja-scaled-e1669296715402.jpg 902w\" sizes=\"auto, (max-width: 130px) 100vw, 130px\" \/><\/h4>\n<p>&nbsp;<\/p>\n<ol start=\"6\">\n<li>\n<h4>Prokupac 733 &#8211; Virtus (Mlava)<\/h4>\n<\/li>\n<\/ol>\n<p>Altro naso goloso ma dall\u2019insieme diverso, prodotto con qualche nota di cuoio e tabacco per l\u2019espressione ricercata di sovra maturit\u00e0, di complessit\u00e0, e un sapore che potrebbe sembrare appena abboccato. Vino dalle grande occasioni, dai menu ricchi e succulenti.<\/p>\n<p><img loading=\"lazy\" decoding=\"async\" class=\"wp-image-102000 size-medium aligncenter\" src=\"https:\/\/www.enoone.com\/wp-content\/uploads\/2023\/11\/Prokupac-733-scaled-e1669296870381-148x300.jpg\" alt=\"bottiglia vino Prokupac 733 virtus \" width=\"148\" height=\"300\" srcset=\"https:\/\/www.enoone.com\/wp-content\/uploads\/2023\/11\/Prokupac-733-scaled-e1669296870381-148x300.jpg 148w, https:\/\/www.enoone.com\/wp-content\/uploads\/2023\/11\/Prokupac-733-scaled-e1669296870381-506x1024.jpg 506w, https:\/\/www.enoone.com\/wp-content\/uploads\/2023\/11\/Prokupac-733-scaled-e1669296870381-768x1555.jpg 768w, https:\/\/www.enoone.com\/wp-content\/uploads\/2023\/11\/Prokupac-733-scaled-e1669296870381-759x1536.jpg 759w, https:\/\/www.enoone.com\/wp-content\/uploads\/2023\/11\/Prokupac-733-scaled-e1669296870381-84x170.jpg 84w, https:\/\/www.enoone.com\/wp-content\/uploads\/2023\/11\/Prokupac-733-scaled-e1669296870381-200x405.jpg 200w, https:\/\/www.enoone.com\/wp-content\/uploads\/2023\/11\/Prokupac-733-scaled-e1669296870381-450x911.jpg 450w, https:\/\/www.enoone.com\/wp-content\/uploads\/2023\/11\/Prokupac-733-scaled-e1669296870381-390x790.jpg 390w, https:\/\/www.enoone.com\/wp-content\/uploads\/2023\/11\/Prokupac-733-scaled-e1669296870381-500x1012.jpg 500w, https:\/\/www.enoone.com\/wp-content\/uploads\/2023\/11\/Prokupac-733-scaled-e1669296870381-800x1619.jpg 800w, https:\/\/www.enoone.com\/wp-content\/uploads\/2023\/11\/Prokupac-733-scaled-e1669296870381.jpg 825w\" sizes=\"auto, (max-width: 148px) 100vw, 148px\" \/><\/p>\n<p>&nbsp;<\/p>\n<ol start=\"7\">\n<li>\n<h4>Prince Rskavac 2017 &#8211; Bra\u0107a Rajkovi\u0107 (\u017dupa)<\/h4>\n<\/li>\n<\/ol>\n<p>Le note di affinamento e di estrazione sono ben presenti in questo vino del 2017: la frutta rossa delle prime annate \u00e8 stata sostituita da susine e prugne secche, bella presenza delle spezie quali la noce moscata. Un vino da bere con una grigliata di carne ricca e succosa.<\/p>\n<p><img loading=\"lazy\" decoding=\"async\" class=\"size-medium wp-image-102024 aligncenter\" src=\"https:\/\/www.enoone.com\/wp-content\/uploads\/2023\/11\/Prokupac-Prince-263x300.jpg\" alt=\"bottiglia vino Prokupac RskavacPrince\" width=\"263\" height=\"300\" srcset=\"https:\/\/www.enoone.com\/wp-content\/uploads\/2023\/11\/Prokupac-Prince-263x300.jpg 263w, https:\/\/www.enoone.com\/wp-content\/uploads\/2023\/11\/Prokupac-Prince-898x1024.jpg 898w, https:\/\/www.enoone.com\/wp-content\/uploads\/2023\/11\/Prokupac-Prince-768x875.jpg 768w, https:\/\/www.enoone.com\/wp-content\/uploads\/2023\/11\/Prokupac-Prince-1348x1536.jpg 1348w, https:\/\/www.enoone.com\/wp-content\/uploads\/2023\/11\/Prokupac-Prince-1797x2048.jpg 1797w, https:\/\/www.enoone.com\/wp-content\/uploads\/2023\/11\/Prokupac-Prince-84x96.jpg 84w, https:\/\/www.enoone.com\/wp-content\/uploads\/2023\/11\/Prokupac-Prince-200x228.jpg 200w, https:\/\/www.enoone.com\/wp-content\/uploads\/2023\/11\/Prokupac-Prince-450x513.jpg 450w, https:\/\/www.enoone.com\/wp-content\/uploads\/2023\/11\/Prokupac-Prince-693x790.jpg 693w, https:\/\/www.enoone.com\/wp-content\/uploads\/2023\/11\/Prokupac-Prince-500x570.jpg 500w, https:\/\/www.enoone.com\/wp-content\/uploads\/2023\/11\/Prokupac-Prince-800x912.jpg 800w, https:\/\/www.enoone.com\/wp-content\/uploads\/2023\/11\/Prokupac-Prince.jpg 1816w\" sizes=\"auto, (max-width: 263px) 100vw, 263px\" \/><\/p>\n<p>&nbsp;<\/p>\n<ol start=\"8\">\n<li>\n<h4>Grabak Prokupac 2019 &#8211; Grabak (Three Moravas)<\/h4>\n<\/li>\n<\/ol>\n<p>Vino dalla bella armonia complessiva dall\u2019intensit\u00e0 smussata con presenza di ciliegia nera e lamponi, in rotondit\u00e0 e senza asperit\u00e0. Bocca elegante e piacevole, con note di peperone maturo.<\/p>\n<h4><img loading=\"lazy\" decoding=\"async\" class=\"wp-image-102012 size-medium aligncenter\" src=\"https:\/\/www.enoone.com\/wp-content\/uploads\/2023\/11\/Prokupac-Grabak-scaled-e1669297003483-129x300.jpg\" alt=\"bottiglia vino Prokupac Grabak\" width=\"129\" height=\"300\" srcset=\"https:\/\/www.enoone.com\/wp-content\/uploads\/2023\/11\/Prokupac-Grabak-scaled-e1669297003483-129x300.jpg 129w, https:\/\/www.enoone.com\/wp-content\/uploads\/2023\/11\/Prokupac-Grabak-scaled-e1669297003483-441x1024.jpg 441w, https:\/\/www.enoone.com\/wp-content\/uploads\/2023\/11\/Prokupac-Grabak-scaled-e1669297003483-768x1785.jpg 768w, https:\/\/www.enoone.com\/wp-content\/uploads\/2023\/11\/Prokupac-Grabak-scaled-e1669297003483-661x1536.jpg 661w, https:\/\/www.enoone.com\/wp-content\/uploads\/2023\/11\/Prokupac-Grabak-scaled-e1669297003483-881x2048.jpg 881w, https:\/\/www.enoone.com\/wp-content\/uploads\/2023\/11\/Prokupac-Grabak-scaled-e1669297003483-84x195.jpg 84w, https:\/\/www.enoone.com\/wp-content\/uploads\/2023\/11\/Prokupac-Grabak-scaled-e1669297003483-200x465.jpg 200w, https:\/\/www.enoone.com\/wp-content\/uploads\/2023\/11\/Prokupac-Grabak-scaled-e1669297003483-450x1046.jpg 450w, https:\/\/www.enoone.com\/wp-content\/uploads\/2023\/11\/Prokupac-Grabak-scaled-e1669297003483-340x790.jpg 340w, https:\/\/www.enoone.com\/wp-content\/uploads\/2023\/11\/Prokupac-Grabak-scaled-e1669297003483-500x1162.jpg 500w, https:\/\/www.enoone.com\/wp-content\/uploads\/2023\/11\/Prokupac-Grabak-scaled-e1669297003483-800x1859.jpg 800w, https:\/\/www.enoone.com\/wp-content\/uploads\/2023\/11\/Prokupac-Grabak-scaled-e1669297003483.jpg 1049w\" sizes=\"auto, (max-width: 129px) 100vw, 129px\" \/><\/h4>\n<p>&nbsp;<\/p>\n<ol start=\"9\">\n<li>\n<h4>Vila Vina Prokupac 2018 &#8211; Milosavljevic<\/h4>\n<\/li>\n<\/ol>\n<p>Vino dal naso complesso di spezie cannella, noce moscata, noci e bastone di liquirizia, accompagnato da note di funghi grigliati con una leggera astringenza che porta la persistenza. Un prodotto che si abbiner\u00e0 egregiamente con una carne stufata o grigliata.<\/p>\n<p><img loading=\"lazy\" decoding=\"async\" class=\"size-medium wp-image-102039 aligncenter\" src=\"https:\/\/www.enoone.com\/wp-content\/uploads\/2023\/11\/Prokupac-Vila-Vina-203x300.jpg\" alt=\"bottiglia vino Prokupac Vila Vina\" width=\"203\" height=\"300\" srcset=\"https:\/\/www.enoone.com\/wp-content\/uploads\/2023\/11\/Prokupac-Vila-Vina-203x300.jpg 203w, https:\/\/www.enoone.com\/wp-content\/uploads\/2023\/11\/Prokupac-Vila-Vina-694x1024.jpg 694w, https:\/\/www.enoone.com\/wp-content\/uploads\/2023\/11\/Prokupac-Vila-Vina-768x1133.jpg 768w, https:\/\/www.enoone.com\/wp-content\/uploads\/2023\/11\/Prokupac-Vila-Vina-1041x1536.jpg 1041w, https:\/\/www.enoone.com\/wp-content\/uploads\/2023\/11\/Prokupac-Vila-Vina-1388x2048.jpg 1388w, https:\/\/www.enoone.com\/wp-content\/uploads\/2023\/11\/Prokupac-Vila-Vina-84x124.jpg 84w, https:\/\/www.enoone.com\/wp-content\/uploads\/2023\/11\/Prokupac-Vila-Vina-200x295.jpg 200w, https:\/\/www.enoone.com\/wp-content\/uploads\/2023\/11\/Prokupac-Vila-Vina-450x664.jpg 450w, https:\/\/www.enoone.com\/wp-content\/uploads\/2023\/11\/Prokupac-Vila-Vina-536x790.jpg 536w, https:\/\/www.enoone.com\/wp-content\/uploads\/2023\/11\/Prokupac-Vila-Vina-500x738.jpg 500w, https:\/\/www.enoone.com\/wp-content\/uploads\/2023\/11\/Prokupac-Vila-Vina-800x1180.jpg 800w, https:\/\/www.enoone.com\/wp-content\/uploads\/2023\/11\/Prokupac-Vila-Vina.jpg 1680w\" sizes=\"auto, (max-width: 203px) 100vw, 203px\" \/><\/p>\n<ol start=\"10\">\n<li>\n<h4>Prokupac 2020 &#8211; Ivanovi\u0107 Winery<\/h4>\n<\/li>\n<\/ol>\n<p>Vino dalle note complesse di legno mediamente tostato, con un naso fruttato di mirtilli e susine. Qualche nota di cocco e cioccolata veramente piacevoli.<\/p>\n<p><img loading=\"lazy\" decoding=\"async\" class=\"size-medium wp-image-102015 aligncenter\" src=\"https:\/\/www.enoone.com\/wp-content\/uploads\/2023\/11\/Prokupac-Ivanovic-125x300.jpg\" alt=\"bottiglia vino Prokupac Ivanovic\" width=\"125\" height=\"300\" srcset=\"https:\/\/www.enoone.com\/wp-content\/uploads\/2023\/11\/Prokupac-Ivanovic-125x300.jpg 125w, https:\/\/www.enoone.com\/wp-content\/uploads\/2023\/11\/Prokupac-Ivanovic-426x1024.jpg 426w, https:\/\/www.enoone.com\/wp-content\/uploads\/2023\/11\/Prokupac-Ivanovic-768x1846.jpg 768w, https:\/\/www.enoone.com\/wp-content\/uploads\/2023\/11\/Prokupac-Ivanovic-639x1536.jpg 639w, https:\/\/www.enoone.com\/wp-content\/uploads\/2023\/11\/Prokupac-Ivanovic-852x2048.jpg 852w, https:\/\/www.enoone.com\/wp-content\/uploads\/2023\/11\/Prokupac-Ivanovic-84x202.jpg 84w, https:\/\/www.enoone.com\/wp-content\/uploads\/2023\/11\/Prokupac-Ivanovic-200x481.jpg 200w, https:\/\/www.enoone.com\/wp-content\/uploads\/2023\/11\/Prokupac-Ivanovic-450x1082.jpg 450w, https:\/\/www.enoone.com\/wp-content\/uploads\/2023\/11\/Prokupac-Ivanovic-329x790.jpg 329w, https:\/\/www.enoone.com\/wp-content\/uploads\/2023\/11\/Prokupac-Ivanovic-500x1202.jpg 500w, https:\/\/www.enoone.com\/wp-content\/uploads\/2023\/11\/Prokupac-Ivanovic-800x1923.jpg 800w, https:\/\/www.enoone.com\/wp-content\/uploads\/2023\/11\/Prokupac-Ivanovic-scaled.jpg 1065w\" sizes=\"auto, (max-width: 125px) 100vw, 125px\" \/><\/p>\n<ol start=\"11\">\n<li>\n<h4>Radovan 100% Prokupac 2019 &#8211; \u010cokot Winery (\u017dupa)<\/h4>\n<\/li>\n<\/ol>\n<p>Naso caratteristico con note di frutta nera, frutta rossa e di bosco in confettura, accompagnato dalle caratteristiche note di bois\u00e9, cocco e cioccolata. Bel volume in bocca.<\/p>\n<p><img loading=\"lazy\" decoding=\"async\" class=\"size-medium wp-image-102027 aligncenter\" src=\"https:\/\/www.enoone.com\/wp-content\/uploads\/2023\/11\/Prokupac-Radovan-151x300.jpg\" alt=\"bottiglia vino Prokupac Radovan\" width=\"151\" height=\"300\" srcset=\"https:\/\/www.enoone.com\/wp-content\/uploads\/2023\/11\/Prokupac-Radovan-151x300.jpg 151w, https:\/\/www.enoone.com\/wp-content\/uploads\/2023\/11\/Prokupac-Radovan-516x1024.jpg 516w, https:\/\/www.enoone.com\/wp-content\/uploads\/2023\/11\/Prokupac-Radovan-768x1525.jpg 768w, https:\/\/www.enoone.com\/wp-content\/uploads\/2023\/11\/Prokupac-Radovan-773x1536.jpg 773w, https:\/\/www.enoone.com\/wp-content\/uploads\/2023\/11\/Prokupac-Radovan-1031x2048.jpg 1031w, https:\/\/www.enoone.com\/wp-content\/uploads\/2023\/11\/Prokupac-Radovan-84x167.jpg 84w, https:\/\/www.enoone.com\/wp-content\/uploads\/2023\/11\/Prokupac-Radovan-200x397.jpg 200w, https:\/\/www.enoone.com\/wp-content\/uploads\/2023\/11\/Prokupac-Radovan-450x894.jpg 450w, https:\/\/www.enoone.com\/wp-content\/uploads\/2023\/11\/Prokupac-Radovan-398x790.jpg 398w, https:\/\/www.enoone.com\/wp-content\/uploads\/2023\/11\/Prokupac-Radovan-500x993.jpg 500w, https:\/\/www.enoone.com\/wp-content\/uploads\/2023\/11\/Prokupac-Radovan-800x1589.jpg 800w, https:\/\/www.enoone.com\/wp-content\/uploads\/2023\/11\/Prokupac-Radovan-scaled.jpg 1289w\" sizes=\"auto, (max-width: 151px) 100vw, 151px\" \/><\/p>\n<p>&nbsp;<\/p>\n<ol start=\"12\">\n<li>\n<h4>Yotta Prokupac Reserva 2017 &#8211; Yotta Winery (\u017dupa)<\/h4>\n<\/li>\n<\/ol>\n<p>Corpo e volume per questa espressione di Prokupac, senza eccessi con qualche nota di susine, caramella alla liquirizia per finire con una bella astringenza che si abbina perfettamente. Eleganza e piacevolezza<\/p>\n<ol start=\"13\">\n<li>\n<h4><img loading=\"lazy\" decoding=\"async\" class=\"size-medium wp-image-102042 aligncenter\" src=\"https:\/\/www.enoone.com\/wp-content\/uploads\/2023\/11\/Prokupac-Yotta-127x300.jpg\" alt=\"bottiglia vino Prokupac Yotta\" width=\"127\" height=\"300\" srcset=\"https:\/\/www.enoone.com\/wp-content\/uploads\/2023\/11\/Prokupac-Yotta-127x300.jpg 127w, https:\/\/www.enoone.com\/wp-content\/uploads\/2023\/11\/Prokupac-Yotta-432x1024.jpg 432w, https:\/\/www.enoone.com\/wp-content\/uploads\/2023\/11\/Prokupac-Yotta-768x1821.jpg 768w, https:\/\/www.enoone.com\/wp-content\/uploads\/2023\/11\/Prokupac-Yotta-648x1536.jpg 648w, https:\/\/www.enoone.com\/wp-content\/uploads\/2023\/11\/Prokupac-Yotta-864x2048.jpg 864w, https:\/\/www.enoone.com\/wp-content\/uploads\/2023\/11\/Prokupac-Yotta-84x199.jpg 84w, https:\/\/www.enoone.com\/wp-content\/uploads\/2023\/11\/Prokupac-Yotta-200x474.jpg 200w, https:\/\/www.enoone.com\/wp-content\/uploads\/2023\/11\/Prokupac-Yotta-450x1067.jpg 450w, https:\/\/www.enoone.com\/wp-content\/uploads\/2023\/11\/Prokupac-Yotta-333x790.jpg 333w, https:\/\/www.enoone.com\/wp-content\/uploads\/2023\/11\/Prokupac-Yotta-500x1186.jpg 500w, https:\/\/www.enoone.com\/wp-content\/uploads\/2023\/11\/Prokupac-Yotta-800x1897.jpg 800w, https:\/\/www.enoone.com\/wp-content\/uploads\/2023\/11\/Prokupac-Yotta-scaled.jpg 1080w\" sizes=\"auto, (max-width: 127px) 100vw, 127px\" \/><\/h4>\n<h4>Prokupac Late Harvest 2020 &#8211; Zmajevac Winery (\u0160umadija)<\/h4>\n<\/li>\n<\/ol>\n<p>Vino dal naso fruttato, pi\u00f9 frutta nera che rossa, buona maturit\u00e0 senza essere sovra maturo, alcune note eleganti di bois\u00e9 completano questo prodotto. \u00c8 una vendemmia tardiva non esagerata che sapr\u00e0 accompagnare delle carni alla brace e verdure grigliate.<\/p>\n<p><img loading=\"lazy\" decoding=\"async\" class=\"size-medium wp-image-102030 aligncenter\" src=\"https:\/\/www.enoone.com\/wp-content\/uploads\/2023\/11\/Prokupac-Smajevac-221x300.jpg\" alt=\"bottiglia vino Prokupac Smajevac\" width=\"221\" height=\"300\" srcset=\"https:\/\/www.enoone.com\/wp-content\/uploads\/2023\/11\/Prokupac-Smajevac-221x300.jpg 221w, https:\/\/www.enoone.com\/wp-content\/uploads\/2023\/11\/Prokupac-Smajevac-753x1024.jpg 753w, https:\/\/www.enoone.com\/wp-content\/uploads\/2023\/11\/Prokupac-Smajevac-768x1045.jpg 768w, https:\/\/www.enoone.com\/wp-content\/uploads\/2023\/11\/Prokupac-Smajevac-1129x1536.jpg 1129w, https:\/\/www.enoone.com\/wp-content\/uploads\/2023\/11\/Prokupac-Smajevac-1505x2048.jpg 1505w, https:\/\/www.enoone.com\/wp-content\/uploads\/2023\/11\/Prokupac-Smajevac-84x114.jpg 84w, https:\/\/www.enoone.com\/wp-content\/uploads\/2023\/11\/Prokupac-Smajevac-200x272.jpg 200w, https:\/\/www.enoone.com\/wp-content\/uploads\/2023\/11\/Prokupac-Smajevac-450x612.jpg 450w, https:\/\/www.enoone.com\/wp-content\/uploads\/2023\/11\/Prokupac-Smajevac-581x790.jpg 581w, https:\/\/www.enoone.com\/wp-content\/uploads\/2023\/11\/Prokupac-Smajevac-500x680.jpg 500w, https:\/\/www.enoone.com\/wp-content\/uploads\/2023\/11\/Prokupac-Smajevac-800x1088.jpg 800w, https:\/\/www.enoone.com\/wp-content\/uploads\/2023\/11\/Prokupac-Smajevac.jpg 1781w\" sizes=\"auto, (max-width: 221px) 100vw, 221px\" \/><\/p>\n<p>&nbsp;<\/p>\n<ol start=\"14\">\n<li>\n<h4>Prokupac Boje Lila 2013 &#8211; Budimir Winery (\u017dupa)<\/h4>\n<\/li>\n<\/ol>\n<p>Espressione di un Prokupac di 10 anni, senza fare notare la sua et\u00e0, con note di frutta nera (ciliegia, mora e susina) in confettura accompagnato da note di spezie dolci quali la cannella e la noce moscata. Vino elegante con distinta armonia complessiva.<\/p>\n<p><img loading=\"lazy\" decoding=\"async\" class=\"size-medium wp-image-102018 aligncenter\" src=\"https:\/\/www.enoone.com\/wp-content\/uploads\/2023\/11\/Prokupac-Lila-141x300.jpg\" alt=\"\" width=\"141\" height=\"300\" srcset=\"https:\/\/www.enoone.com\/wp-content\/uploads\/2023\/11\/Prokupac-Lila-141x300.jpg 141w, https:\/\/www.enoone.com\/wp-content\/uploads\/2023\/11\/Prokupac-Lila-480x1024.jpg 480w, https:\/\/www.enoone.com\/wp-content\/uploads\/2023\/11\/Prokupac-Lila-768x1639.jpg 768w, https:\/\/www.enoone.com\/wp-content\/uploads\/2023\/11\/Prokupac-Lila-720x1536.jpg 720w, https:\/\/www.enoone.com\/wp-content\/uploads\/2023\/11\/Prokupac-Lila-959x2048.jpg 959w, https:\/\/www.enoone.com\/wp-content\/uploads\/2023\/11\/Prokupac-Lila-84x179.jpg 84w, https:\/\/www.enoone.com\/wp-content\/uploads\/2023\/11\/Prokupac-Lila-200x427.jpg 200w, https:\/\/www.enoone.com\/wp-content\/uploads\/2023\/11\/Prokupac-Lila-450x961.jpg 450w, https:\/\/www.enoone.com\/wp-content\/uploads\/2023\/11\/Prokupac-Lila-370x790.jpg 370w, https:\/\/www.enoone.com\/wp-content\/uploads\/2023\/11\/Prokupac-Lila-500x1067.jpg 500w, https:\/\/www.enoone.com\/wp-content\/uploads\/2023\/11\/Prokupac-Lila-800x1708.jpg 800w, https:\/\/www.enoone.com\/wp-content\/uploads\/2023\/11\/Prokupac-Lila-scaled.jpg 1199w\" sizes=\"auto, (max-width: 141px) 100vw, 141px\" \/><\/p>\n<p>&nbsp;<\/p>\n<h3><\/h3>\n<h3>Dove assaggiare questi vini?<\/h3>\n<p>Sar\u00e0 l\u2019occasione per visitare Belgrado e la fiera <a href=\"https:\/\/fair.openbalkan.com\/en\/\" target=\"_blank\" rel=\"noopener\">Wine Vision by Open Balkan<\/a>, appuntamento annuale in novembre dal 2023.<\/p>\n<p><img loading=\"lazy\" decoding=\"async\" class=\"wp-image-102057 aligncenter\" src=\"https:\/\/www.enoone.com\/wp-content\/uploads\/2023\/11\/20221014_122955-300x135.jpg\" alt=\"\" width=\"913\" height=\"411\" srcset=\"https:\/\/www.enoone.com\/wp-content\/uploads\/2023\/11\/20221014_122955-300x135.jpg 300w, https:\/\/www.enoone.com\/wp-content\/uploads\/2023\/11\/20221014_122955-1024x461.jpg 1024w, https:\/\/www.enoone.com\/wp-content\/uploads\/2023\/11\/20221014_122955-768x346.jpg 768w, https:\/\/www.enoone.com\/wp-content\/uploads\/2023\/11\/20221014_122955-1536x692.jpg 1536w, https:\/\/www.enoone.com\/wp-content\/uploads\/2023\/11\/20221014_122955-2048x922.jpg 2048w, https:\/\/www.enoone.com\/wp-content\/uploads\/2023\/11\/20221014_122955-84x38.jpg 84w, https:\/\/www.enoone.com\/wp-content\/uploads\/2023\/11\/20221014_122955-200x90.jpg 200w, https:\/\/www.enoone.com\/wp-content\/uploads\/2023\/11\/20221014_122955-450x203.jpg 450w, https:\/\/www.enoone.com\/wp-content\/uploads\/2023\/11\/20221014_122955-1200x540.jpg 1200w, https:\/\/www.enoone.com\/wp-content\/uploads\/2023\/11\/20221014_122955-500x225.jpg 500w, https:\/\/www.enoone.com\/wp-content\/uploads\/2023\/11\/20221014_122955-800x360.jpg 800w\" sizes=\"auto, (max-width: 913px) 100vw, 913px\" \/><\/p>\n<h3><\/h3>\n<h3>Serata Prokupac per incontrare i produttori di Prokupac<\/h3>\n<p>Nel pomeriggio \u00e8 stato organizzato un evento destinato a sommelier e giornalisti per scoprire le 40 cantine produttrici serbe dei vini con Prokupac in purezza o in blend.<br \/>\nIn serata l&#8217;evento \u00e8 stato aperto ai #winelovers, enofili sempre alla ricerca di uve autoctone.<\/p>\n<p>&nbsp;<\/p>\n<p><img loading=\"lazy\" decoding=\"async\" class=\" wp-image-102047 aligncenter\" src=\"https:\/\/www.enoone.com\/wp-content\/uploads\/2023\/11\/20221014_184913-300x135.jpg\" alt=\"Serata Prokupac #winelovers\" width=\"925\" height=\"416\" srcset=\"https:\/\/www.enoone.com\/wp-content\/uploads\/2023\/11\/20221014_184913-300x135.jpg 300w, https:\/\/www.enoone.com\/wp-content\/uploads\/2023\/11\/20221014_184913-1024x461.jpg 1024w, https:\/\/www.enoone.com\/wp-content\/uploads\/2023\/11\/20221014_184913-768x346.jpg 768w, https:\/\/www.enoone.com\/wp-content\/uploads\/2023\/11\/20221014_184913-1536x692.jpg 1536w, https:\/\/www.enoone.com\/wp-content\/uploads\/2023\/11\/20221014_184913-2048x922.jpg 2048w, https:\/\/www.enoone.com\/wp-content\/uploads\/2023\/11\/20221014_184913-84x38.jpg 84w, https:\/\/www.enoone.com\/wp-content\/uploads\/2023\/11\/20221014_184913-200x90.jpg 200w, https:\/\/www.enoone.com\/wp-content\/uploads\/2023\/11\/20221014_184913-450x203.jpg 450w, https:\/\/www.enoone.com\/wp-content\/uploads\/2023\/11\/20221014_184913-1200x540.jpg 1200w, https:\/\/www.enoone.com\/wp-content\/uploads\/2023\/11\/20221014_184913-500x225.jpg 500w, https:\/\/www.enoone.com\/wp-content\/uploads\/2023\/11\/20221014_184913-800x360.jpg 800w\" sizes=\"auto, (max-width: 925px) 100vw, 925px\" \/><\/p>\n<p><img loading=\"lazy\" decoding=\"async\" class=\"aligncenter wp-image-102050\" src=\"https:\/\/www.enoone.com\/wp-content\/uploads\/2023\/11\/20221014_184953-300x135.jpg\" alt=\"\" width=\"925\" height=\"417\" srcset=\"https:\/\/www.enoone.com\/wp-content\/uploads\/2023\/11\/20221014_184953-300x135.jpg 300w, https:\/\/www.enoone.com\/wp-content\/uploads\/2023\/11\/20221014_184953-1024x461.jpg 1024w, https:\/\/www.enoone.com\/wp-content\/uploads\/2023\/11\/20221014_184953-768x346.jpg 768w, https:\/\/www.enoone.com\/wp-content\/uploads\/2023\/11\/20221014_184953-1536x692.jpg 1536w, https:\/\/www.enoone.com\/wp-content\/uploads\/2023\/11\/20221014_184953-2048x922.jpg 2048w, https:\/\/www.enoone.com\/wp-content\/uploads\/2023\/11\/20221014_184953-84x38.jpg 84w, https:\/\/www.enoone.com\/wp-content\/uploads\/2023\/11\/20221014_184953-200x90.jpg 200w, https:\/\/www.enoone.com\/wp-content\/uploads\/2023\/11\/20221014_184953-450x203.jpg 450w, https:\/\/www.enoone.com\/wp-content\/uploads\/2023\/11\/20221014_184953-1200x540.jpg 1200w, https:\/\/www.enoone.com\/wp-content\/uploads\/2023\/11\/20221014_184953-500x225.jpg 500w, https:\/\/www.enoone.com\/wp-content\/uploads\/2023\/11\/20221014_184953-800x360.jpg 800w\" sizes=\"auto, (max-width: 925px) 100vw, 925px\" \/><\/p>\n<\/div><\/div><\/div><\/div><\/section><section class=\"vc_row wpb_row vc_row-fluid  vc_custom_1565413481467    hongo_responsive_1565413481474\"><div class=\"wpb_column vc_column_container col-xs-mobile-fullwidth vc_col-sm-12\"><div class=\"vc_column-inner\"><div class=\"wpb_wrapper\">[vc_separator color=&#8221;custom&#8221; accent_color=&#8221;#e8e8e8&#8243; css=&#8221;.vc_custom_1550723435420{margin-bottom: 0px !important;border-top-width: 1px !important;border-right-width: 0px !important;border-bottom-width: 0px !important;border-left-width: 0px !important;}&#8221;]<\/div><\/div><\/div><\/section>\n<\/div>","protected":false},"excerpt":{"rendered":"Uva autoctona della Serbia: ProkupacNote di assaggio di vini da uva Prokupac...Ma veramente conoscete il vitigno Prokupac? La squadra di Igor Lukovic della rivista serba Vinofino da 7 anni fa un bel lavoro per fare conoscere in patria e all\u2019estero uno dei vitigni autoctoni rossi: il Prokupac. Inoltre il giornalista, suo collaboratore, Tomislav Ivanovic tiene un blog sulle uve autoctone. &nbsp; Dall\u2019intervento del Professore di storia Alexsandar Fotic, si intuisce che le tracce antiche di quest\u2019uva Prokupac o Kamenicarska antecedenti all'Ottocento sono probabilmente da cercare ad Istanbul (all'epoca Costantinopoli). Anche questa viticoltura che riprendeva vigore dopo la dipartita degli Ottomani dai Balcani \u00e8 stata colpita dalla filossera. Poi la vitivinicoltura ex-jugoslava privilegi\u00f2 altre uve pi\u00f9 produttrici. Recentemente, i vignaioli serbi grandi e piccoli hanno ripreso in mano quest'uva identitaria. La declinano in tante versioni dal semplice ma piacevole rosato estivo a versioni pi\u00f9 strutturate con passaggio in legno. Molte delle cantine che hanno presentato i loro vini sono nate dopo il 2000, non \u00e8 l'alto ieri... in oltre 20 anni hanno gi\u00e0 fatto diversi esperimenti, per riuscire ad esprimere i suoi caratteri pi\u00f9 singlolari. Entra a fare parte del panorama del vitigni mondiali nel 1909 con una pubblicazione dell\u2019agronomo Vialla....","protected":false},"author":53,"featured_media":101956,"comment_status":"open","ping_status":"closed","sticky":false,"template":"","format":"standard","meta":{"footnotes":""},"categories":[163],"tags":[182,196,195,194,180,176,185,177,197,188,190,183,187,174,191,179,178,184,189,186,175,192,193,181],"class_list":["post-101955","post","type-post","status-publish","format-standard","has-post-thumbnail","hentry","category-news","tag-aleksandrovic-sumadija","tag-anne-meglioli","tag-belgrade-wine-vision-open-balkan","tag-boje-lila-budimir-winery-zupa","tag-botunjac","tag-cantina","tag-doja","tag-domaine","tag-eno-one","tag-grabak-winery","tag-ivanovic-winery","tag-matijasevic-sumadija","tag-prince-rskavac-braca-rajkovic-zupa","tag-prokupac","tag-radovan-cokot-winery-zupa","tag-sveti-gral","tag-tenuta","tag-tri-morave-temet-three-moravas","tag-vila-vina-milosavljevic","tag-virtus-mlava","tag-winery","tag-yotta-winery-zupa","tag-zmajevac-winery-sumadija","tag-zupa"],"yoast_head":"<!-- This site is optimized with the Yoast SEO plugin v27.3 - https:\/\/yoast.com\/product\/yoast-seo-wordpress\/ -->\n<title>Cos&#039;\u00e8 il Prokupac | appunti di degustazione Anne Meglioli Eno-One<\/title>\n<meta name=\"description\" content=\"cos&#039;\u00e8 il Prokupac: uva rossa autoctona della Serbia. Note di assaggio di vini in purezza e in assemblaggio. Diverse annate e tanti produttori\" \/>\n<meta name=\"robots\" content=\"index, follow, max-snippet:-1, max-image-preview:large, max-video-preview:-1\" \/>\n<link rel=\"canonical\" href=\"https:\/\/www.enoone.com\/fr\/cos-e-il-prokupac\/\" \/>\n<meta property=\"og:locale\" content=\"fr_FR\" \/>\n<meta property=\"og:type\" content=\"article\" \/>\n<meta property=\"og:title\" content=\"Cos&#039;\u00e8 il Prokupac | appunti di degustazione Anne Meglioli Eno-One\" \/>\n<meta property=\"og:description\" content=\"cos&#039;\u00e8 il Prokupac: uva rossa autoctona della Serbia. Note di assaggio di vini in purezza e in assemblaggio. Diverse annate e tanti produttori\" \/>\n<meta property=\"og:url\" content=\"https:\/\/www.enoone.com\/fr\/cos-e-il-prokupac\/\" \/>\n<meta property=\"og:site_name\" content=\"Eno-One\" \/>\n<meta property=\"article:publisher\" content=\"https:\/\/www.facebook.com\/enoonelibrienologiaviticoltura\/\" \/>\n<meta property=\"article:published_time\" content=\"2022-10-15T15:36:08+00:00\" \/>\n<meta property=\"article:modified_time\" content=\"2022-11-24T15:34:44+00:00\" \/>\n<meta property=\"og:image\" content=\"https:\/\/www.enoone.com\/wp-content\/uploads\/2022\/11\/20221014_140428-scaled.jpg\" \/>\n\t<meta property=\"og:image:width\" content=\"2560\" \/>\n\t<meta property=\"og:image:height\" content=\"1153\" \/>\n\t<meta property=\"og:image:type\" content=\"image\/jpeg\" \/>\n<meta name=\"author\" content=\"enoone\" \/>\n<meta name=\"twitter:card\" content=\"summary_large_image\" \/>\n<meta name=\"twitter:label1\" content=\"\u00c9crit par\" \/>\n\t<meta name=\"twitter:data1\" content=\"enoone\" \/>\n\t<meta name=\"twitter:label2\" content=\"Dur\u00e9e de lecture estim\u00e9e\" \/>\n\t<meta name=\"twitter:data2\" content=\"10 minutes\" \/>\n<script type=\"application\/ld+json\" class=\"yoast-schema-graph\">{\"@context\":\"https:\\\/\\\/schema.org\",\"@graph\":[{\"@type\":\"Article\",\"@id\":\"https:\\\/\\\/www.enoone.com\\\/fr\\\/cos-e-il-prokupac\\\/#article\",\"isPartOf\":{\"@id\":\"https:\\\/\\\/www.enoone.com\\\/fr\\\/cos-e-il-prokupac\\\/\"},\"author\":{\"name\":\"enoone\",\"@id\":\"https:\\\/\\\/www.enoone.com\\\/fr\\\/#\\\/schema\\\/person\\\/da02ea97601e9cd987c314ac06fcd49f\"},\"headline\":\"Cos&#8217;\u00e8 il Prokupac\",\"datePublished\":\"2022-10-15T15:36:08+00:00\",\"dateModified\":\"2022-11-24T15:34:44+00:00\",\"mainEntityOfPage\":{\"@id\":\"https:\\\/\\\/www.enoone.com\\\/fr\\\/cos-e-il-prokupac\\\/\"},\"wordCount\":1235,\"commentCount\":0,\"publisher\":{\"@id\":\"https:\\\/\\\/www.enoone.com\\\/fr\\\/#organization\"},\"image\":{\"@id\":\"https:\\\/\\\/www.enoone.com\\\/fr\\\/cos-e-il-prokupac\\\/#primaryimage\"},\"thumbnailUrl\":\"https:\\\/\\\/www.enoone.com\\\/wp-content\\\/uploads\\\/2022\\\/11\\\/20221014_140428-scaled.jpg\",\"keywords\":[\"Aleksandrovic \u0160umadija\",\"Anne Meglioli\",\"Belgrade wine Vision Open Balkan\",\"Boje Lila Budimir Winery \u017dupa\",\"Botunjac\",\"cantina\",\"Doja\",\"domaine\",\"Eno-One\",\"Grabak winery\",\"Ivanovi\u0107 Winery\",\"Matijasevic \u0160umadija\",\"Prince Rskavac Bra\u0107a Rajkovi\u0107 \u017dupa\",\"Prokupac\",\"Radovan \u010cokot Winery \u017dupa\",\"Sveti Gral\",\"tenuta\",\"Tri Morave Temet Three Moravas\",\"Vila Vina Milosavljevic\",\"Virtus Mlava\",\"winery\",\"Yotta Winery \u017dupa\",\"Zmajevac Winery \u0160umadija\",\"\u017dupa\"],\"articleSection\":[\"News\"],\"inLanguage\":\"fr-FR\",\"potentialAction\":[{\"@type\":\"CommentAction\",\"name\":\"Comment\",\"target\":[\"https:\\\/\\\/www.enoone.com\\\/fr\\\/cos-e-il-prokupac\\\/#respond\"]}]},{\"@type\":\"WebPage\",\"@id\":\"https:\\\/\\\/www.enoone.com\\\/fr\\\/cos-e-il-prokupac\\\/\",\"url\":\"https:\\\/\\\/www.enoone.com\\\/fr\\\/cos-e-il-prokupac\\\/\",\"name\":\"Cos'\u00e8 il Prokupac | appunti di degustazione Anne Meglioli Eno-One\",\"isPartOf\":{\"@id\":\"https:\\\/\\\/www.enoone.com\\\/fr\\\/#website\"},\"primaryImageOfPage\":{\"@id\":\"https:\\\/\\\/www.enoone.com\\\/fr\\\/cos-e-il-prokupac\\\/#primaryimage\"},\"image\":{\"@id\":\"https:\\\/\\\/www.enoone.com\\\/fr\\\/cos-e-il-prokupac\\\/#primaryimage\"},\"thumbnailUrl\":\"https:\\\/\\\/www.enoone.com\\\/wp-content\\\/uploads\\\/2022\\\/11\\\/20221014_140428-scaled.jpg\",\"datePublished\":\"2022-10-15T15:36:08+00:00\",\"dateModified\":\"2022-11-24T15:34:44+00:00\",\"description\":\"cos'\u00e8 il Prokupac: uva rossa autoctona della Serbia. Note di assaggio di vini in purezza e in assemblaggio. Diverse annate e tanti produttori\",\"breadcrumb\":{\"@id\":\"https:\\\/\\\/www.enoone.com\\\/fr\\\/cos-e-il-prokupac\\\/#breadcrumb\"},\"inLanguage\":\"fr-FR\",\"potentialAction\":[{\"@type\":\"ReadAction\",\"target\":[\"https:\\\/\\\/www.enoone.com\\\/fr\\\/cos-e-il-prokupac\\\/\"]}]},{\"@type\":\"ImageObject\",\"inLanguage\":\"fr-FR\",\"@id\":\"https:\\\/\\\/www.enoone.com\\\/fr\\\/cos-e-il-prokupac\\\/#primaryimage\",\"url\":\"https:\\\/\\\/www.enoone.com\\\/wp-content\\\/uploads\\\/2022\\\/11\\\/20221014_140428-scaled.jpg\",\"contentUrl\":\"https:\\\/\\\/www.enoone.com\\\/wp-content\\\/uploads\\\/2022\\\/11\\\/20221014_140428-scaled.jpg\",\"width\":2560,\"height\":1153,\"caption\":\"festa vitigno Prokupac 2022\"},{\"@type\":\"BreadcrumbList\",\"@id\":\"https:\\\/\\\/www.enoone.com\\\/fr\\\/cos-e-il-prokupac\\\/#breadcrumb\",\"itemListElement\":[{\"@type\":\"ListItem\",\"position\":1,\"name\":\"Home\",\"item\":\"https:\\\/\\\/www.enoone.com\\\/fr\\\/\"},{\"@type\":\"ListItem\",\"position\":2,\"name\":\"Cos&#8217;\u00e8 il Prokupac\"}]},{\"@type\":\"WebSite\",\"@id\":\"https:\\\/\\\/www.enoone.com\\\/fr\\\/#website\",\"url\":\"https:\\\/\\\/www.enoone.com\\\/fr\\\/\",\"name\":\"Eno-One\",\"description\":\"Livres et autres\",\"publisher\":{\"@id\":\"https:\\\/\\\/www.enoone.com\\\/fr\\\/#organization\"},\"potentialAction\":[{\"@type\":\"SearchAction\",\"target\":{\"@type\":\"EntryPoint\",\"urlTemplate\":\"https:\\\/\\\/www.enoone.com\\\/fr\\\/?s={search_term_string}\"},\"query-input\":{\"@type\":\"PropertyValueSpecification\",\"valueRequired\":true,\"valueName\":\"search_term_string\"}}],\"inLanguage\":\"fr-FR\"},{\"@type\":\"Organization\",\"@id\":\"https:\\\/\\\/www.enoone.com\\\/fr\\\/#organization\",\"name\":\"Eno-One\",\"url\":\"https:\\\/\\\/www.enoone.com\\\/fr\\\/\",\"logo\":{\"@type\":\"ImageObject\",\"inLanguage\":\"fr-FR\",\"@id\":\"https:\\\/\\\/www.enoone.com\\\/fr\\\/#\\\/schema\\\/logo\\\/image\\\/\",\"url\":\"https:\\\/\\\/www.enoone.com\\\/wp-content\\\/uploads\\\/2024\\\/05\\\/logo-colori-intero.png\",\"contentUrl\":\"https:\\\/\\\/www.enoone.com\\\/wp-content\\\/uploads\\\/2024\\\/05\\\/logo-colori-intero.png\",\"width\":599,\"height\":226,\"caption\":\"Eno-One\"},\"image\":{\"@id\":\"https:\\\/\\\/www.enoone.com\\\/fr\\\/#\\\/schema\\\/logo\\\/image\\\/\"},\"sameAs\":[\"https:\\\/\\\/www.facebook.com\\\/enoonelibrienologiaviticoltura\\\/\",\"https:\\\/\\\/www.linkedin.com\\\/in\\\/annemeglioli\\\/\"]},{\"@type\":\"Person\",\"@id\":\"https:\\\/\\\/www.enoone.com\\\/fr\\\/#\\\/schema\\\/person\\\/da02ea97601e9cd987c314ac06fcd49f\",\"name\":\"enoone\",\"image\":{\"@type\":\"ImageObject\",\"inLanguage\":\"fr-FR\",\"@id\":\"https:\\\/\\\/secure.gravatar.com\\\/avatar\\\/57144767c4d82b9c827c12b002aaa2db140ac2923c450017e18680e850d90f8e?s=96&d=mm&r=g\",\"url\":\"https:\\\/\\\/secure.gravatar.com\\\/avatar\\\/57144767c4d82b9c827c12b002aaa2db140ac2923c450017e18680e850d90f8e?s=96&d=mm&r=g\",\"contentUrl\":\"https:\\\/\\\/secure.gravatar.com\\\/avatar\\\/57144767c4d82b9c827c12b002aaa2db140ac2923c450017e18680e850d90f8e?s=96&d=mm&r=g\",\"caption\":\"enoone\"}}]}<\/script>\n<!-- \/ Yoast SEO plugin. -->","yoast_head_json":{"title":"Cos'\u00e8 il Prokupac | appunti di degustazione Anne Meglioli Eno-One","description":"cos'\u00e8 il Prokupac: uva rossa autoctona della Serbia. Note di assaggio di vini in purezza e in assemblaggio. Diverse annate e tanti produttori","robots":{"index":"index","follow":"follow","max-snippet":"max-snippet:-1","max-image-preview":"max-image-preview:large","max-video-preview":"max-video-preview:-1"},"canonical":"https:\/\/www.enoone.com\/fr\/cos-e-il-prokupac\/","og_locale":"fr_FR","og_type":"article","og_title":"Cos'\u00e8 il Prokupac | appunti di degustazione Anne Meglioli Eno-One","og_description":"cos'\u00e8 il Prokupac: uva rossa autoctona della Serbia. Note di assaggio di vini in purezza e in assemblaggio. Diverse annate e tanti produttori","og_url":"https:\/\/www.enoone.com\/fr\/cos-e-il-prokupac\/","og_site_name":"Eno-One","article_publisher":"https:\/\/www.facebook.com\/enoonelibrienologiaviticoltura\/","article_published_time":"2022-10-15T15:36:08+00:00","article_modified_time":"2022-11-24T15:34:44+00:00","og_image":[{"width":2560,"height":1153,"url":"https:\/\/www.enoone.com\/wp-content\/uploads\/2022\/11\/20221014_140428-scaled.jpg","type":"image\/jpeg"}],"author":"enoone","twitter_card":"summary_large_image","twitter_misc":{"\u00c9crit par":"enoone","Dur\u00e9e de lecture estim\u00e9e":"10 minutes"},"schema":{"@context":"https:\/\/schema.org","@graph":[{"@type":"Article","@id":"https:\/\/www.enoone.com\/fr\/cos-e-il-prokupac\/#article","isPartOf":{"@id":"https:\/\/www.enoone.com\/fr\/cos-e-il-prokupac\/"},"author":{"name":"enoone","@id":"https:\/\/www.enoone.com\/fr\/#\/schema\/person\/da02ea97601e9cd987c314ac06fcd49f"},"headline":"Cos&#8217;\u00e8 il Prokupac","datePublished":"2022-10-15T15:36:08+00:00","dateModified":"2022-11-24T15:34:44+00:00","mainEntityOfPage":{"@id":"https:\/\/www.enoone.com\/fr\/cos-e-il-prokupac\/"},"wordCount":1235,"commentCount":0,"publisher":{"@id":"https:\/\/www.enoone.com\/fr\/#organization"},"image":{"@id":"https:\/\/www.enoone.com\/fr\/cos-e-il-prokupac\/#primaryimage"},"thumbnailUrl":"https:\/\/www.enoone.com\/wp-content\/uploads\/2022\/11\/20221014_140428-scaled.jpg","keywords":["Aleksandrovic \u0160umadija","Anne Meglioli","Belgrade wine Vision Open Balkan","Boje Lila Budimir Winery \u017dupa","Botunjac","cantina","Doja","domaine","Eno-One","Grabak winery","Ivanovi\u0107 Winery","Matijasevic \u0160umadija","Prince Rskavac Bra\u0107a Rajkovi\u0107 \u017dupa","Prokupac","Radovan \u010cokot Winery \u017dupa","Sveti Gral","tenuta","Tri Morave Temet Three Moravas","Vila Vina Milosavljevic","Virtus Mlava","winery","Yotta Winery \u017dupa","Zmajevac Winery \u0160umadija","\u017dupa"],"articleSection":["News"],"inLanguage":"fr-FR","potentialAction":[{"@type":"CommentAction","name":"Comment","target":["https:\/\/www.enoone.com\/fr\/cos-e-il-prokupac\/#respond"]}]},{"@type":"WebPage","@id":"https:\/\/www.enoone.com\/fr\/cos-e-il-prokupac\/","url":"https:\/\/www.enoone.com\/fr\/cos-e-il-prokupac\/","name":"Cos'\u00e8 il Prokupac | appunti di degustazione Anne Meglioli Eno-One","isPartOf":{"@id":"https:\/\/www.enoone.com\/fr\/#website"},"primaryImageOfPage":{"@id":"https:\/\/www.enoone.com\/fr\/cos-e-il-prokupac\/#primaryimage"},"image":{"@id":"https:\/\/www.enoone.com\/fr\/cos-e-il-prokupac\/#primaryimage"},"thumbnailUrl":"https:\/\/www.enoone.com\/wp-content\/uploads\/2022\/11\/20221014_140428-scaled.jpg","datePublished":"2022-10-15T15:36:08+00:00","dateModified":"2022-11-24T15:34:44+00:00","description":"cos'\u00e8 il Prokupac: uva rossa autoctona della Serbia. Note di assaggio di vini in purezza e in assemblaggio. Diverse annate e tanti produttori","breadcrumb":{"@id":"https:\/\/www.enoone.com\/fr\/cos-e-il-prokupac\/#breadcrumb"},"inLanguage":"fr-FR","potentialAction":[{"@type":"ReadAction","target":["https:\/\/www.enoone.com\/fr\/cos-e-il-prokupac\/"]}]},{"@type":"ImageObject","inLanguage":"fr-FR","@id":"https:\/\/www.enoone.com\/fr\/cos-e-il-prokupac\/#primaryimage","url":"https:\/\/www.enoone.com\/wp-content\/uploads\/2022\/11\/20221014_140428-scaled.jpg","contentUrl":"https:\/\/www.enoone.com\/wp-content\/uploads\/2022\/11\/20221014_140428-scaled.jpg","width":2560,"height":1153,"caption":"festa vitigno Prokupac 2022"},{"@type":"BreadcrumbList","@id":"https:\/\/www.enoone.com\/fr\/cos-e-il-prokupac\/#breadcrumb","itemListElement":[{"@type":"ListItem","position":1,"name":"Home","item":"https:\/\/www.enoone.com\/fr\/"},{"@type":"ListItem","position":2,"name":"Cos&#8217;\u00e8 il Prokupac"}]},{"@type":"WebSite","@id":"https:\/\/www.enoone.com\/fr\/#website","url":"https:\/\/www.enoone.com\/fr\/","name":"Eno-One","description":"Livres et autres","publisher":{"@id":"https:\/\/www.enoone.com\/fr\/#organization"},"potentialAction":[{"@type":"SearchAction","target":{"@type":"EntryPoint","urlTemplate":"https:\/\/www.enoone.com\/fr\/?s={search_term_string}"},"query-input":{"@type":"PropertyValueSpecification","valueRequired":true,"valueName":"search_term_string"}}],"inLanguage":"fr-FR"},{"@type":"Organization","@id":"https:\/\/www.enoone.com\/fr\/#organization","name":"Eno-One","url":"https:\/\/www.enoone.com\/fr\/","logo":{"@type":"ImageObject","inLanguage":"fr-FR","@id":"https:\/\/www.enoone.com\/fr\/#\/schema\/logo\/image\/","url":"https:\/\/www.enoone.com\/wp-content\/uploads\/2024\/05\/logo-colori-intero.png","contentUrl":"https:\/\/www.enoone.com\/wp-content\/uploads\/2024\/05\/logo-colori-intero.png","width":599,"height":226,"caption":"Eno-One"},"image":{"@id":"https:\/\/www.enoone.com\/fr\/#\/schema\/logo\/image\/"},"sameAs":["https:\/\/www.facebook.com\/enoonelibrienologiaviticoltura\/","https:\/\/www.linkedin.com\/in\/annemeglioli\/"]},{"@type":"Person","@id":"https:\/\/www.enoone.com\/fr\/#\/schema\/person\/da02ea97601e9cd987c314ac06fcd49f","name":"enoone","image":{"@type":"ImageObject","inLanguage":"fr-FR","@id":"https:\/\/secure.gravatar.com\/avatar\/57144767c4d82b9c827c12b002aaa2db140ac2923c450017e18680e850d90f8e?s=96&d=mm&r=g","url":"https:\/\/secure.gravatar.com\/avatar\/57144767c4d82b9c827c12b002aaa2db140ac2923c450017e18680e850d90f8e?s=96&d=mm&r=g","contentUrl":"https:\/\/secure.gravatar.com\/avatar\/57144767c4d82b9c827c12b002aaa2db140ac2923c450017e18680e850d90f8e?s=96&d=mm&r=g","caption":"enoone"}}]}},"_links":{"self":[{"href":"https:\/\/www.enoone.com\/fr\/wp-json\/wp\/v2\/posts\/101955","targetHints":{"allow":["GET"]}}],"collection":[{"href":"https:\/\/www.enoone.com\/fr\/wp-json\/wp\/v2\/posts"}],"about":[{"href":"https:\/\/www.enoone.com\/fr\/wp-json\/wp\/v2\/types\/post"}],"author":[{"embeddable":true,"href":"https:\/\/www.enoone.com\/fr\/wp-json\/wp\/v2\/users\/53"}],"replies":[{"embeddable":true,"href":"https:\/\/www.enoone.com\/fr\/wp-json\/wp\/v2\/comments?post=101955"}],"version-history":[{"count":28,"href":"https:\/\/www.enoone.com\/fr\/wp-json\/wp\/v2\/posts\/101955\/revisions"}],"predecessor-version":[{"id":102073,"href":"https:\/\/www.enoone.com\/fr\/wp-json\/wp\/v2\/posts\/101955\/revisions\/102073"}],"wp:featuredmedia":[{"embeddable":true,"href":"https:\/\/www.enoone.com\/fr\/wp-json\/wp\/v2\/media\/101956"}],"wp:attachment":[{"href":"https:\/\/www.enoone.com\/fr\/wp-json\/wp\/v2\/media?parent=101955"}],"wp:term":[{"taxonomy":"category","embeddable":true,"href":"https:\/\/www.enoone.com\/fr\/wp-json\/wp\/v2\/categories?post=101955"},{"taxonomy":"post_tag","embeddable":true,"href":"https:\/\/www.enoone.com\/fr\/wp-json\/wp\/v2\/tags?post=101955"}],"curies":[{"name":"wp","href":"https:\/\/api.w.org\/{rel}","templated":true}]}}